{"id":4541,"date":"2026-04-29T06:45:00","date_gmt":"2026-04-29T05:45:00","guid":{"rendered":"https:\/\/vero.se\/mfn_news\/thule-delarsrapport-forsta-kvartalet-2026-januari-mars\/"},"modified":"2026-04-29T06:45:00","modified_gmt":"2026-04-29T05:45:00","slug":"thule-delarsrapport-forsta-kvartalet-2026-januari-mars","status":"publish","type":"mfn_news","link":"https:\/\/vero.se\/en\/mfn_news\/thule-delarsrapport-forsta-kvartalet-2026-januari-mars\/","title":{"rendered":"Thule del\u00e5rsrapport, f\u00f6rsta kvartalet 2026, januari-mars"},"content":{"rendered":"<div class=\"mfn-preamble\">\n<p><strong>Bra start p\u00e5 \u00e5ret med organisk tillv\u00e4xt och \u00f6kad l\u00f6nsamhet<\/strong><\/p>\n<\/div>\n<div class=\"mfn-body\">\n<ul>\n<li>Nettooms\u00e4ttningen f\u00f6r kvartalet uppgick till 2 573 Mkr (2 662) vilket motsvarar en minskning med 3,4 procent varav 7,3 procent avser valutakursf\u00f6r\u00e4ndringar. Organiskt \u00f6kade oms\u00e4ttningen med 3,9 procent.<\/li>\n<li>I Region Europa \u00f6kade den organiska oms\u00e4ttningen med 5,2 procent. I Region Nordamerika var den organiska oms\u00e4ttningen of\u00f6r\u00e4ndrad, medan den i Region Resten av v\u00e4rlden \u00f6kade organiskt med 2,2 procent.<\/li>\n<li>Det snabbast v\u00e4xande produktomr\u00e5det var Active with Kids &amp; Dogs d\u00e4r den organiska oms\u00e4ttningen \u00f6kade med 10,9 procent.<\/li>\n<li>Bruttomarginalen f\u00f6r kvartalet uppgick till 44,8 procent (44,8).<\/li>\n<li>R\u00f6relseresultatet f\u00f6r kvartalet uppgick till 424 Mkr (401), vilket motsvarar en marginal om 16,5 procent (15,1).\u00a0<\/li>\n<li>Nettoresultatet f\u00f6r kvartalet uppgick till 293 Mkr (266).<\/li>\n<li>Resultat per aktie f\u00f6re utsp\u00e4dning uppgick till 2,71 kr (2,46).<\/li>\n<li>Kassafl\u00f6de fr\u00e5n den l\u00f6pande verksamheten var 25 Mkr (-334) under kvartalet.<\/li>\n<\/ul>\n<p><strong class=\"mfn-heading-1\">VD HAR ORDET<\/strong><\/p>\n<p><strong>Bra start p\u00e5 \u00e5ret<\/strong><\/p>\n<p><strong>I det f\u00f6rsta kvartalet \u00f6kade b\u00e5de den organiska f\u00f6rs\u00e4ljningen och l\u00f6nsamheten i en fortsatt tuff marknad. Den positiva utvecklingen drivs av v\u00e5rt fokus p\u00e5 att bygga Champions-kategorier och genomf\u00f6ra effektiviseringar.<\/strong><\/p>\n<p>I det f\u00f6rsta kvartalet \u00f6kade den organiska f\u00f6rs\u00e4ljningen med 4 procent. F\u00f6rs\u00e4ljningen rapporterad i svenska kronor minskade p\u00e5 grund av negativa valutaeffekter. Marknaden var \u00f6verlag fortsatt utmanande, s\u00e4rskilt i Nordamerika. Samtidigt fortsatte marknaden f\u00f6r husbils- och husvagnsprodukter att \u00e5terh\u00e4mtas. I f\u00f6rsta kvartalet var den organiska tillv\u00e4xten h\u00f6gst inom produktomr\u00e5det Active with Kids &amp; Dogs, d\u00e4r senaste \u00e5rens satsningar p\u00e5 hundtransport och bilbarnstolar bidrog v\u00e4l. \u00c4ven RV Products visade god tillv\u00e4xt. Den organiska f\u00f6rs\u00e4ljningen \u00f6kade med 5 procent i Europa, och var of\u00f6r\u00e4ndrad i Nordamerika. Trenden i Nordamerika forts\u00e4tter d\u00e4rmed f\u00f6rb\u00e4ttras kvartal f\u00f6r kvartal.<\/p>\n<p>EBIT-marginalen \u00f6kade till 16,5 procent (15,1). Bruttomarginalen var of\u00f6r\u00e4ndrad och omkostnaderna minskade, fr\u00e4mst p\u00e5 grund av l\u00e4gre produktutvecklingskostnader men \u00e4ven minskade administrativa kostnader.<\/p>\n<p>Inom omr\u00e5det f\u00f6r h\u00e5llbarhet fortsatte vi att kontinuerligt hitta s\u00e4tt att minska utsl\u00e4ppen fr\u00e5n v\u00e5ra produkter. Genom aktiva designval har vi exempelvis s\u00e4nkt utsl\u00e4ppen med 53 procent f\u00f6r den nya cykelh\u00e5llaren Thule VeloLite, j\u00e4mf\u00f6rt med motsvarande produkt.<\/p>\n<p><strong>Fokus p\u00e5 Champions-kategorier skapar tillv\u00e4xt<\/strong><br \/>Nya Thule-produkter driver tillv\u00e4xt och vi lanserar m\u00e5nga nya produkter \u00e4ven i \u00e5r. Fram\u00e5t fokuseras v\u00e5ra lanseringar p\u00e5 att bygga s\u00e5 kallade Champions-kategorier. Champions \u00e4r produktkategorier d\u00e4r Thule \u00e4r klar marknadsledare och d\u00e4r vi har f\u00f6rm\u00e5gan att innovera mer och b\u00e4ttre \u00e4n konkurrenterna. Vi har idag sex Champions och v\u00e5r f\u00f6rsta prioritet \u00e4r att v\u00e4xa dem genom produktutveckling.<\/p>\n<p>I f\u00f6rsta kvartalet har vi fortsatt st\u00e4rka v\u00e5rt st\u00f6rsta produktomr\u00e5de, Sport &amp; Cargo Carriers, d\u00e4r vi har tre Champions-kategorier. Vi lanserade tv\u00e5 nya produkter med l\u00e4gre prispunkter och b\u00e5de nya takboxen Thule Pulse och cykelh\u00e5llaren Thule VeloLite har f\u00e5tt en bra start. \u00c4ven om v\u00e5r f\u00f6rs\u00e4ljning i huvudsak \u00e4r i premiumsegmentet ger dessa produkter m\u00f6jlighet f\u00f6r fler konsumenter att anv\u00e4nda Thule-produkter. Tillv\u00e4xten inom RV Products hj\u00e4lptes av att marknaden \u00e5terh\u00e4mtas. Samtidigt har v\u00e5rt l\u00e5ngsiktiga fokus p\u00e5 produktutveckling gjort skillnad och en stor del av Thules tillv\u00e4xt utgjordes av nya produkter lanserade under de senaste tv\u00e5 \u00e5ren. Inom produktomr\u00e5det Bags &amp; Mounts fortsatte v\u00e5r Champion f\u00f6r robusta mobilf\u00e4sten, som kom med f\u00f6rv\u00e4rvet av Quad Lock, att v\u00e4xa v\u00e4l.<\/p>\n<p>I till\u00e4gg till att v\u00e4xa existerande Champions bygger vi nya. M\u00e5let \u00e4r att g\u00e5 fr\u00e5n dagens sex till tio till \u00e5r 2035. Vi har idag tre lovande kandidater som passar profilen f\u00f6r Champions-kategorier men fortfarande \u00e4r sm\u00e5: terr\u00e4ng- och joggingvagnar, produkter f\u00f6r hundtransport samt bilbarnstolar. Alla tre fortsatte v\u00e4xa snabbt i f\u00f6rsta kvartalet och den organiska tillv\u00e4xten f\u00f6r produktomr\u00e5det Active with Kids &amp; Dogs, d\u00e4r dessa tre kategorier ing\u00e5r, var 11 procent. Tillv\u00e4xten i v\u00e5ra tre Champions-kandidater gav d\u00e4rmed ett m\u00e4rkbart bidrag till den totala organiska tillv\u00e4xten.<\/p>\n<p>Vi \u00e4r ocks\u00e5 stolta \u00f6ver erk\u00e4nnandet f\u00f6r produktdesign som vi f\u00e5tt i b\u00f6rjan av \u00e5ret, d\u00e4r vi har bel\u00f6nats med 8 iF Design Awards och 14 Red Dot Design Awards.<\/p>\n<p><strong>Nordamerika forts\u00e4tter f\u00f6rb\u00e4ttras<\/strong><br \/>Vi har det senaste \u00e5ret genomf\u00f6rt flera f\u00f6r\u00e4ndringar i Nordamerika f\u00f6r att fokusera tillv\u00e4xtsatsningarna, effektivisera organisationen och motverka effekten av de \u00f6kade tullarna. Nordamerika som region har f\u00e5tt mer fokus, b\u00e5de vad g\u00e4ller produktutveckling och f\u00f6rs\u00e4ljning. Den nyligen lanserade Thule Xscape, v\u00e5ra l\u00e4ttmonterade lastr\u00e4cken f\u00f6r pick-up trucks, har f\u00e5tt en bra start och i det f\u00f6rsta kvartalet lanserade vi Thule Vero, en premium-cykelh\u00e5llare f\u00f6r tyngre cyklar specifikt utvecklad f\u00f6r den nordamerikanska marknaden. \u00c4ven om den nordamerikanska marknaden \u00e4r fortsatt klart utmanande ger v\u00e5ra \u00e5tg\u00e4rder positiv effekt. Den organiska f\u00f6rs\u00e4ljningen var of\u00f6r\u00e4ndrad i det f\u00f6rsta kvartalet och sedan f\u00f6rra \u00e5rets \u00e5tg\u00e4rder, har utvecklingen g\u00e5tt \u00e5t r\u00e4tt h\u00e5ll kvartal f\u00f6r kvartal.<\/p>\n<p><strong>Effektiviseringar driver l\u00f6nsamhet<\/strong><br \/>Effektiviseringar \u00e4r avg\u00f6rande f\u00f6r att n\u00e5 l\u00f6nsamhetsm\u00e5let. Vi genomf\u00f6rde flera initiativ f\u00f6rra \u00e5ret och arbetet fortsatte under f\u00f6rsta kvartalet. V\u00e5r satsning p\u00e5 Champions-kategorier g\u00f6rs samtidigt som vi investerar mer fokuserat i produktutveckling. Detta inneb\u00e4r att vi \u00f6kar satsningar p\u00e5 Champions, men minskar totala produktutvecklingskostnaderna, en effekt som m\u00e4rktes redan i f\u00f6rsta kvartalets finansiella resultat.<\/p>\n<p>Vi \u00e4r dessutom v\u00e4l positionerade f\u00f6r att \u00f6ka l\u00f6nsamheten genom skalf\u00f6rdelar. N\u00e4r vi v\u00e4xer kan vi till exempel b\u00e4ttre utnyttja den tillg\u00e4ngliga produktionskapaciteten som nu finns i v\u00e5ra fabriker.<\/p>\n<p><strong>Fortsatt fokus p\u00e5 Champions och effektiviseringar<\/strong><br \/>Marknaden p\u00e5verkas \u00f6verlag fortfarande av avvaktande konsumenter och \u00e5terf\u00f6rs\u00e4ljare. Samtidigt forts\u00e4tter arbetet med att bygga ett st\u00f6rre, mer l\u00f6nsamt Thule med h\u00f6g aktivitet.<\/p>\n<p>F\u00f6rsta prioritet f\u00f6r 2026 \u00e4r att v\u00e4xa Champions-kategorier genom produktutveckling, och vi lanserar flera nya produkter i det andra kvartalet. Vi introducerar till exempel Thule Epos ParkSecure, vilket inneb\u00e4r att v\u00e5r b\u00e4sta cykelh\u00e5llare nu kan f\u00e5s med backvarnare f\u00f6r att underl\u00e4tta parkering och skydda b\u00e5de bil, och de ofta flera dyra cyklar som transporteras bakom bilen. Vi forts\u00e4tter ocks\u00e5 bygga upp v\u00e5ra Champions-kandidater och under andra kvartalet p\u00e5b\u00f6rjas lanseringen av v\u00e5ra innovativa, uppkopplade bilbarnstolar.<\/p>\n<p>Vi forts\u00e4tter samtidigt att driva effektiviseringar. Vi skapar teknikplattformar f\u00f6r att optimera tillverkningskostnader, g\u00f6r mer fokuserade satsningar p\u00e5 produktutveckling och automatiserar v\u00e5rt lager i Polen. I det andra kvartalet kommer vi, till exempel, skala upp tillverkningen av insourcade komponenter till cykelh\u00e5llare, f\u00f6r att \u00f6ka kapacitetsutnyttjandet i v\u00e5ra egna fabriker.<\/p>\n<p>Thule \u00e4r v\u00e4l positionerat oavsett marknadsl\u00e4ge. Vi har tydliga prioriteringar f\u00f6r att driva tillv\u00e4xt och l\u00f6nsamhet, v\u00e5r finansiella st\u00e4llning m\u00f6jligg\u00f6r l\u00e5ngsiktiga satsningar, och allt fler m\u00e4nniskor vill leva aktiva liv, vilket ger oss medvind \u00f6ver tid. Nu g\u00e5r vi in i h\u00f6gs\u00e4song, med h\u00f6g aktivitet i v\u00e5ra fabriker, lager, s\u00e4lj- och marknadsorganisationer, och hela organisationen. Vi har en tydlig plan och jag ser mycket fram emot forts\u00e4ttningen p\u00e5 2026!<\/p>\n<p>Mattias Ankarberg<br \/>Vd och koncernchef<\/p>\n<\/div>\n<div class=\"mfn-footer mfn-cfa711f94b1a\">\n<hr \/>\n<p><strong class=\"mfn-heading-1\">Kontakter<\/strong><\/p>\n<p><strong>Toby Lawton<\/strong>\u00a0<br \/>CFO\u00a0<br \/>Tfn: 070 242 29 47\u00a0<br \/>Epost: toby.lawton@thule.com\u00a0\u00a0<\/p>\n<p><strong>Catharina Paulc\u00e9n<\/strong>\u00a0<br \/>SVP Corporate Communications and Investor Relations\u00a0<br \/>Tfn: 073 665 45 74\u00a0<br \/>Epost: Catharina.Paulcen@thule.com\u00a0\u00a0<\/p>\n<\/div>\n<div class=\"mfn-footer mfn-about mfn-3d8b2fc4095a\">\n<hr \/>\n<p><strong class=\"mfn-heading-1\">Om Thule Group<\/strong><br \/>Thule \u00e4r ett globalt sport- och fritidsf\u00f6retag. Vi erbjuder produkter av h\u00f6g kvalitet, med smarta funktioner och h\u00e5llbar design som g\u00f6r det l\u00e4tt f\u00f6r m\u00e4nniskor v\u00e4rlden \u00f6ver att leva ett aktivt liv. Under mottot <em>Bring your Life<\/em>. och med ett fokus p\u00e5 konsumentdriven innovation och ett l\u00e5ngsiktigt h\u00e5llbarhetsperspektiv utvecklar, tillverkar och marknadsf\u00f6r vi produkter inom produktkategorierna <strong>Sport &amp; Cargo Carriers<\/strong> (t.ex. takr\u00e4cken, takboxar, h\u00e5llare f\u00f6r cykel-, vatten- och vintersporter, takt\u00e4lt som monteras p\u00e5 bil), <strong>Active with Kids &amp; Dogs<\/strong> (t.ex. bilbarnstolar, barnvagnar, cykelvagnar, cykelbarnstolar och hundtransport), <strong>RV Products<\/strong> (t.ex. markiser, cykelh\u00e5llare och t\u00e4lt f\u00f6r husbilar och husvagnar) och <strong>Bags &amp; Mounts<\/strong> (t.ex. ryggs\u00e4ckar, resv\u00e4skor och robusta mobilf\u00e4sten).<\/p>\n<p>Thule Group har cirka 3 000 anst\u00e4llda vid 9 produktionsanl\u00e4ggningar och 35 f\u00f6rs\u00e4ljningskontor \u00f6ver hela v\u00e4rlden. Produkterna s\u00e4ljs p\u00e5 138 marknader och f\u00f6rs\u00e4ljningen under 2025 uppgick till 10,4 miljarder kronor. <br \/>www.thulegroup.com<\/p>\n<\/div>\n<div class=\"mfn-footer mfn-regulatory mfn-regulatory-mar\">\n<p><em>Denna information \u00e4r s\u00e5dan information som Thule Group \u00e4r skyldigt att offentligg\u00f6ra enligt EU:s marknadsmissbruksf\u00f6rordning. Informationen l\u00e4mnades, genom ovanst\u00e5ende kontaktpersoners f\u00f6rsorg, f\u00f6r offentligg\u00f6rande den 2026-04-29 07:45 CEST.<\/em><\/p>\n<\/div>\n<div class=\"mfn-footer mfn-attachment mfn-attachment-general\">\n<hr \/>\n<p><strong class=\"mfn-heading-1\">Bifogade filer<\/strong><br \/><a class=\"mfn-primary\" href=\"https:\/\/storage.mfn.se\/09c75634-1a84-48cd-8d60-39eeea01686c\/delarsrapport-q1-2026.pdf\" rel=\"noopener\" target=\"_blank\">Del\u00e5rsrapport Q1 2026<\/a><\/p>\n<\/div>\n<script>\n                Array.prototype.slice.call(document.querySelectorAll(\".mfn-footer.mfn-attachment\")).forEach(function (el) { el.remove() });\n            <\/script>\n        <div class=\"mfn-attachments-container\"><div class=\"mfn-attachment\"><a class=\"mfn-attachment-link\" href=\"https:\/\/storage.mfn.se\/09c75634-1a84-48cd-8d60-39eeea01686c\/delarsrapport-q1-2026.pdf\"><span class=\"mfn-attachment-icon\"><img decoding=\"async\" src=\"https:\/\/storage.mfn.se\/09c75634-1a84-48cd-8d60-39eeea01686c\/delarsrapport-q1-2026.pdf?type=jpg\"><\/span>Del\u00e5rsrapport Q1 2026<\/a><\/div><\/div>","protected":false},"excerpt":{"rendered":"<p>Bra start p\u00e5 \u00e5ret med organisk tillv\u00e4xt och \u00f6kad l\u00f6nsamhet<\/p>","protected":false},"template":"","meta":{"site-sidebar-layout":"default","site-content-layout":"","ast-site-content-layout":"default","site-content-style":"default","site-sidebar-style":"default","ast-global-header-display":"","ast-banner-title-visibility":"","ast-main-header-display":"","ast-hfb-above-header-display":"","ast-hfb-below-header-display":"","ast-hfb-mobile-header-display":"","site-post-title":"","ast-breadcrumbs-content":"","ast-featured-img":"","footer-sml-layout":"","theme-transparent-header-meta":"","adv-header-id-meta":"","stick-header-meta":"","header-above-stick-meta":"","header-main-stick-meta":"","header-below-stick-meta":"","astra-migrate-meta-layouts":"default","ast-page-background-enabled":"default","ast-page-background-meta":{"desktop":{"background-color":"","background-image":"","background-repeat":"repeat","background-position":"center center","background-size":"auto","background-attachment":"scroll","background-type":"","background-media":"","overlay-type":"","overlay-color":"","overlay-opacity":"","overlay-gradient":""},"tablet":{"background-color":"","background-image":"","background-repeat":"repeat","background-position":"center center","background-size":"auto","background-attachment":"scroll","background-type":"","background-media":"","overlay-type":"","overlay-color":"","overlay-opacity":"","overlay-gradient":""},"mobile":{"background-color":"","background-image":"","background-repeat":"repeat","background-position":"center center","background-size":"auto","background-attachment":"scroll","background-type":"","background-media":"","overlay-type":"","overlay-color":"","overlay-opacity":"","overlay-gradient":""}},"ast-content-background-meta":{"desktop":{"background-color":"var(--ast-global-color-5)","background-image":"","background-repeat":"repeat","background-position":"center center","background-size":"auto","background-attachment":"scroll","background-type":"","background-media":"","overlay-type":"","overlay-color":"","overlay-opacity":"","overlay-gradient":""},"tablet":{"background-color":"var(--ast-global-color-5)","background-image":"","background-repeat":"repeat","background-position":"center center","background-size":"auto","background-attachment":"scroll","background-type":"","background-media":"","overlay-type":"","overlay-color":"","overlay-opacity":"","overlay-gradient":""},"mobile":{"background-color":"var(--ast-global-color-5)","background-image":"","background-repeat":"repeat","background-position":"center center","background-size":"auto","background-attachment":"scroll","background-type":"","background-media":"","overlay-type":"","overlay-color":"","overlay-opacity":"","overlay-gradient":""}}},"class_list":["post-4541","mfn_news","type-mfn_news","status-publish","hentry","mfn-news-tag-mfn-report-interim","mfn-news-tag-mfn-type-ir","mfn-news-tag-mfn-regulatory-mar","mfn-news-tag-mfn","mfn-news-tag-mfn-report-interim-q1","mfn-news-tag-mfn-regulatory","mfn-news-tag-mfn-report","mfn-news-tag-mfn-lang-sv"],"yoast_head":"<!-- This site is optimized with the Yoast SEO plugin v26.7 - https:\/\/yoast.com\/wordpress\/plugins\/seo\/ -->\n<title>Thule del\u00e5rsrapport, f\u00f6rsta kvartalet 2026, januari-mars - Kommunikationsbyr\u00e5 Stockholm | Vero Kommunikation AB<\/title>\n<meta name=\"robots\" content=\"index, follow, max-snippet:-1, max-image-preview:large, max-video-preview:-1\" \/>\n<link rel=\"canonical\" href=\"https:\/\/vero.se\/en\/mfn_news\/thule-delarsrapport-forsta-kvartalet-2026-januari-mars\/\" \/>\n<meta property=\"og:locale\" content=\"en_GB\" \/>\n<meta property=\"og:type\" content=\"article\" \/>\n<meta property=\"og:title\" content=\"Thule del\u00e5rsrapport, f\u00f6rsta kvartalet 2026, januari-mars - Kommunikationsbyr\u00e5 Stockholm | Vero Kommunikation AB\" \/>\n<meta property=\"og:description\" content=\"Bra start p\u00e5 \u00e5ret med organisk tillv\u00e4xt och \u00f6kad l\u00f6nsamhet\" \/>\n<meta property=\"og:url\" content=\"https:\/\/vero.se\/en\/mfn_news\/thule-delarsrapport-forsta-kvartalet-2026-januari-mars\/\" \/>\n<meta property=\"og:site_name\" content=\"Kommunikationsbyr\u00e5 Stockholm | Vero Kommunikation AB\" \/>\n<meta name=\"twitter:card\" content=\"summary_large_image\" \/>\n<meta name=\"twitter:label1\" content=\"Estimated reading time\" \/>\n\t<meta name=\"twitter:data1\" content=\"7 minutes\" \/>\n<script type=\"application\/ld+json\" class=\"yoast-schema-graph\">{\"@context\":\"https:\/\/schema.org\",\"@graph\":[{\"@type\":\"WebPage\",\"@id\":\"https:\/\/vero.se\/mfn_news\/thule-delarsrapport-forsta-kvartalet-2026-januari-mars\/\",\"url\":\"https:\/\/vero.se\/mfn_news\/thule-delarsrapport-forsta-kvartalet-2026-januari-mars\/\",\"name\":\"Thule del\u00e5rsrapport, f\u00f6rsta kvartalet 2026, januari-mars - Kommunikationsbyr\u00e5 Stockholm | Vero Kommunikation AB\",\"isPartOf\":{\"@id\":\"https:\/\/vero.se\/#website\"},\"datePublished\":\"2026-04-29T05:45:00+00:00\",\"breadcrumb\":{\"@id\":\"https:\/\/vero.se\/mfn_news\/thule-delarsrapport-forsta-kvartalet-2026-januari-mars\/#breadcrumb\"},\"inLanguage\":\"en-GB\",\"potentialAction\":[{\"@type\":\"ReadAction\",\"target\":[\"https:\/\/vero.se\/mfn_news\/thule-delarsrapport-forsta-kvartalet-2026-januari-mars\/\"]}]},{\"@type\":\"BreadcrumbList\",\"@id\":\"https:\/\/vero.se\/mfn_news\/thule-delarsrapport-forsta-kvartalet-2026-januari-mars\/#breadcrumb\",\"itemListElement\":[{\"@type\":\"ListItem\",\"position\":1,\"name\":\"Hem\",\"item\":\"https:\/\/vero.se\/\"},{\"@type\":\"ListItem\",\"position\":2,\"name\":\"MFN News Items\",\"item\":\"https:\/\/vero.se\/mfn_news\/\"},{\"@type\":\"ListItem\",\"position\":3,\"name\":\"Thule del\u00e5rsrapport, f\u00f6rsta kvartalet 2026, januari-mars\"}]},{\"@type\":\"WebSite\",\"@id\":\"https:\/\/vero.se\/#website\",\"url\":\"https:\/\/vero.se\/\",\"name\":\"Kommunikationsbyr\u00e5 Stockholm | Vero Kommunikation AB\",\"description\":\"\",\"publisher\":{\"@id\":\"https:\/\/vero.se\/#organization\"},\"potentialAction\":[{\"@type\":\"SearchAction\",\"target\":{\"@type\":\"EntryPoint\",\"urlTemplate\":\"https:\/\/vero.se\/?s={search_term_string}\"},\"query-input\":{\"@type\":\"PropertyValueSpecification\",\"valueRequired\":true,\"valueName\":\"search_term_string\"}}],\"inLanguage\":\"en-GB\"},{\"@type\":\"Organization\",\"@id\":\"https:\/\/vero.se\/#organization\",\"name\":\"Vero Kommunikation AB\",\"url\":\"https:\/\/vero.se\/\",\"logo\":{\"@type\":\"ImageObject\",\"inLanguage\":\"en-GB\",\"@id\":\"https:\/\/vero.se\/#\/schema\/logo\/image\/\",\"url\":\"https:\/\/vero.se\/wp-content\/uploads\/2019\/11\/logo2.png\",\"contentUrl\":\"https:\/\/vero.se\/wp-content\/uploads\/2019\/11\/logo2.png\",\"width\":779,\"height\":589,\"caption\":\"Vero Kommunikation AB\"},\"image\":{\"@id\":\"https:\/\/vero.se\/#\/schema\/logo\/image\/\"}}]}<\/script>\n<!-- \/ Yoast SEO plugin. -->","yoast_head_json":{"title":"Thule del\u00e5rsrapport, f\u00f6rsta kvartalet 2026, januari-mars - Kommunikationsbyr\u00e5 Stockholm | Vero Kommunikation AB","robots":{"index":"index","follow":"follow","max-snippet":"max-snippet:-1","max-image-preview":"max-image-preview:large","max-video-preview":"max-video-preview:-1"},"canonical":"https:\/\/vero.se\/en\/mfn_news\/thule-delarsrapport-forsta-kvartalet-2026-januari-mars\/","og_locale":"en_GB","og_type":"article","og_title":"Thule del\u00e5rsrapport, f\u00f6rsta kvartalet 2026, januari-mars - Kommunikationsbyr\u00e5 Stockholm | Vero Kommunikation AB","og_description":"Bra start p\u00e5 \u00e5ret med organisk tillv\u00e4xt och \u00f6kad l\u00f6nsamhet","og_url":"https:\/\/vero.se\/en\/mfn_news\/thule-delarsrapport-forsta-kvartalet-2026-januari-mars\/","og_site_name":"Kommunikationsbyr\u00e5 Stockholm | Vero Kommunikation AB","twitter_card":"summary_large_image","twitter_misc":{"Estimated reading time":"7 minutes"},"schema":{"@context":"https:\/\/schema.org","@graph":[{"@type":"WebPage","@id":"https:\/\/vero.se\/mfn_news\/thule-delarsrapport-forsta-kvartalet-2026-januari-mars\/","url":"https:\/\/vero.se\/mfn_news\/thule-delarsrapport-forsta-kvartalet-2026-januari-mars\/","name":"Thule del\u00e5rsrapport, f\u00f6rsta kvartalet 2026, januari-mars - Kommunikationsbyr\u00e5 Stockholm | Vero Kommunikation AB","isPartOf":{"@id":"https:\/\/vero.se\/#website"},"datePublished":"2026-04-29T05:45:00+00:00","breadcrumb":{"@id":"https:\/\/vero.se\/mfn_news\/thule-delarsrapport-forsta-kvartalet-2026-januari-mars\/#breadcrumb"},"inLanguage":"en-GB","potentialAction":[{"@type":"ReadAction","target":["https:\/\/vero.se\/mfn_news\/thule-delarsrapport-forsta-kvartalet-2026-januari-mars\/"]}]},{"@type":"BreadcrumbList","@id":"https:\/\/vero.se\/mfn_news\/thule-delarsrapport-forsta-kvartalet-2026-januari-mars\/#breadcrumb","itemListElement":[{"@type":"ListItem","position":1,"name":"Hem","item":"https:\/\/vero.se\/"},{"@type":"ListItem","position":2,"name":"MFN News Items","item":"https:\/\/vero.se\/mfn_news\/"},{"@type":"ListItem","position":3,"name":"Thule del\u00e5rsrapport, f\u00f6rsta kvartalet 2026, januari-mars"}]},{"@type":"WebSite","@id":"https:\/\/vero.se\/#website","url":"https:\/\/vero.se\/","name":"Kommunikationsbyr\u00e5 Stockholm | Vero Kommunikation AB","description":"","publisher":{"@id":"https:\/\/vero.se\/#organization"},"potentialAction":[{"@type":"SearchAction","target":{"@type":"EntryPoint","urlTemplate":"https:\/\/vero.se\/?s={search_term_string}"},"query-input":{"@type":"PropertyValueSpecification","valueRequired":true,"valueName":"search_term_string"}}],"inLanguage":"en-GB"},{"@type":"Organization","@id":"https:\/\/vero.se\/#organization","name":"Vero Kommunikation AB","url":"https:\/\/vero.se\/","logo":{"@type":"ImageObject","inLanguage":"en-GB","@id":"https:\/\/vero.se\/#\/schema\/logo\/image\/","url":"https:\/\/vero.se\/wp-content\/uploads\/2019\/11\/logo2.png","contentUrl":"https:\/\/vero.se\/wp-content\/uploads\/2019\/11\/logo2.png","width":779,"height":589,"caption":"Vero Kommunikation AB"},"image":{"@id":"https:\/\/vero.se\/#\/schema\/logo\/image\/"}}]}},"_links":{"self":[{"href":"https:\/\/vero.se\/en\/wp-json\/wp\/v2\/mfn_news\/4541","targetHints":{"allow":["GET"]}}],"collection":[{"href":"https:\/\/vero.se\/en\/wp-json\/wp\/v2\/mfn_news"}],"about":[{"href":"https:\/\/vero.se\/en\/wp-json\/wp\/v2\/types\/mfn_news"}],"wp:attachment":[{"href":"https:\/\/vero.se\/en\/wp-json\/wp\/v2\/media?parent=4541"}],"curies":[{"name":"wp","href":"https:\/\/api.w.org\/{rel}","templated":true}]}}