{"id":4457,"date":"2026-02-18T12:30:00","date_gmt":"2026-02-18T11:30:00","guid":{"rendered":"https:\/\/vero.se\/mfn_news\/valberedningens-forslag-till-styrelse-i-thule-group\/"},"modified":"2026-02-18T12:30:00","modified_gmt":"2026-02-18T11:30:00","slug":"valberedningens-forslag-till-styrelse-i-thule-group","status":"publish","type":"mfn_news","link":"https:\/\/vero.se\/en\/mfn_news\/valberedningens-forslag-till-styrelse-i-thule-group\/","title":{"rendered":"Valberedningens f\u00f6rslag till styrelse i Thule Group"},"content":{"rendered":"<div class=\"mfn-body\">\n<p>Valberedningen i Thule Group AB (publ) best\u00e5r av Patricia Hedelius (ordf\u00f6rande), utsedd av AMF F\u00f6rs\u00e4kring och Fonder, Helen Fasth Gillstedt, utsedd av Handelsbanken Fonder, Magnus Sj\u00f6qvist, utsedd av Swedbank Robur Fonder, Carina Silberg, utsedd av Alecta, och Hans Eckerstr\u00f6m, i egenskap av ordf\u00f6rande i Thule Groups styrelse.<\/p>\n<p>Valberedningen har informerats om att nuvarande styrelseledam\u00f6ter Sarah McPhee och Anders Jensen avb\u00f6jer omval. Valberedningen har beaktat bolagets framtida behov samt de utmaningar och m\u00f6jligheter som f\u00f6ljer av Thules strategiska inriktning och geografiska marknadsn\u00e4rvaro. Mot denna bakgrund f\u00f6resl\u00e5r valberedningen att \u00e5rsst\u00e4mman v\u00e4ljer sju styrelseledam\u00f6ter genom omval av de nuvarande ledam\u00f6terna Hans Eckerstr\u00f6m, Johan Westman, Sandra Fin\u00e9r, Paul Gustavsson och Helene Willberg, samt nyval av Per-Arne Blomquist och Sara Molnar. Vidare f\u00f6resl\u00e5r valberedningen omval av Hans Eckerstr\u00f6m som styrelseordf\u00f6rande och att Per-Arne Blomquist v\u00e4ljs till vice styrelseordf\u00f6rande.<\/p>\n<p>Information om befintliga ledam\u00f6ter och ledam\u00f6ter f\u00f6r omval finns tillg\u00e4nglig p\u00e5 bolagets hemsida, <a href=\"http:\/\/www.thulegroup.com\/\" rel=\"noopener\" target=\"_blank\">www.thulegroup.com<\/a>. Information om styrelseledam\u00f6ter f\u00f6reslagna f\u00f6r nyval finnes nedan.<\/p>\n<p><strong>Per-Arne Blomquist<\/strong>, f\u00f6dd 1962, \u00e4r utbildad civilekonom fr\u00e5n Handelsh\u00f6gskolan i Stockholm. Per-Arne \u00e4r idag VD p\u00e5 Qarlbo AB och senior r\u00e5dgivare p\u00e5 EQT. Tidigare CFO och Vice VD p\u00e5 Dometic Group. Han har dessutom erfarenhet fr\u00e5n positioner som CFO och tf VD i TeliaSonera AB, CFO p\u00e5 SEB, styrelseordf\u00f6rande i Zmarta Group\/Freedom Finance och IP-Only och styrelseledamot i Neste Oil Oy. Per-Arne \u00e4ger 0 aktier i Thule Group.<\/p>\n<p><strong>Sara Molnar<\/strong>, f\u00f6dd 1977, har en kandidatexamen i f\u00f6retagsekonomi fr\u00e5n Stockholms universitet, samt en masterexamen i r\u00e4ttsvetenskap (Legal Science) fr\u00e5n \u00d6rebro universitet. Sara har under \u00e5ren 2018-2024 varit global VD f\u00f6r Peak Performance och har dessf\u00f6rinnan l\u00e5ng erfarenhet fr\u00e5n ledande roller i SEB; division Corporate &amp; Investment Banking, b\u00e5de inom aff\u00e4rsutveckling och legala fr\u00e5gor. Sara har tidigare varit medlem av Amer Sports Executive Board. Sara \u00e4ger 0 aktier i Thule Group.<\/p>\n<p><strong>Revisor: <\/strong>Till revisor f\u00f6resl\u00e5s, i enlighet med revisionsutskottets rekommendation, omval av det registrerade revisionsbolaget PricewaterhouseCoopers AB, f\u00f6r tiden intill slutet av \u00e5rsst\u00e4mman 2027. PricewaterhouseCoopers AB har meddelat att den nuvarande auktoriserade revisorn, Sofia G\u00f6tmar Blomstedt, kommer att l\u00e4mna sitt uppdrag och att den auktoriserade revisorn Erik Bergh kommer att utses till huvudansvarig revisor under f\u00f6ruts\u00e4ttning att valberedningens f\u00f6rslag antas av \u00e5rsst\u00e4mman.<\/p>\n<\/div>\n<div class=\"mfn-footer mfn-11c3c2691165\">\n<hr \/>\n<p><strong class=\"mfn-heading-1\">Contact<\/strong><br \/><strong>Patricia Hedelius<\/strong> <br \/>Valberedningens ordf\u00f6rande <br \/><a href=\"mailto:Patricia.Hedelius@amf.se\" rel=\"noopener\" target=\"_blank\">patricia.hedelius@amf.se<\/a><\/p>\n<p><strong>Hans Eckerstr\u00f6m<\/strong> <br \/>Styrelseordf\u00f6rande i Thule Group AB <br \/><a href=\"mailto:hans.eckerstrom@aligro.se\" rel=\"noopener\" target=\"_blank\">hans.eckerstrom@aligro.se<\/a><\/p>\n<p><strong>Anna-Karin Kjellstr\u00f6m<\/strong> <br \/>General Counsel, Thule <br \/><a href=\"mailto:Anna-Karin.Kjellstrom@thule.com\" rel=\"noopener\" target=\"_blank\">anna-karin.kjellstrom@thule.com<\/a><\/p>\n<\/div>\n<div class=\"mfn-footer mfn-about mfn-3d8b2fc4095a\">\n<hr \/>\n<p><strong class=\"mfn-heading-1\">Om Thule Group<\/strong><br \/>Thule \u00e4r ett globalt sport- och fritidsf\u00f6retag. Vi erbjuder produkter av h\u00f6g kvalitet, med smarta funktioner och h\u00e5llbar design som g\u00f6r det l\u00e4tt f\u00f6r m\u00e4nniskor v\u00e4rlden \u00f6ver att leva ett aktivt liv. Under mottot <em>Bring your Life<\/em>. och med ett fokus p\u00e5 konsumentdriven innovation och ett l\u00e5ngsiktigt h\u00e5llbarhetsperspektiv utvecklar, tillverkar och marknadsf\u00f6r vi produkter inom produktkategorierna <strong>Sport &amp; Cargo Carriers<\/strong> (t.ex. takr\u00e4cken, takboxar, h\u00e5llare f\u00f6r cykel-, vatten- och vintersporter, takt\u00e4lt som monteras p\u00e5 bil), <strong>Active with Kids &amp; Dogs<\/strong> (t.ex. bilbarnstolar, barnvagnar, cykelvagnar, cykelbarnstolar och hundtransport), <strong>RV Products<\/strong> (t.ex. markiser, cykelh\u00e5llare och t\u00e4lt f\u00f6r husbilar och husvagnar) och <strong>Bags &amp; Mounts<\/strong> (t.ex. ryggs\u00e4ckar, resv\u00e4skor och robusta mobilf\u00e4sten).<\/p>\n<p>Thule Group har cirka 3 000 anst\u00e4llda vid 9 produktionsanl\u00e4ggningar och 35 f\u00f6rs\u00e4ljningskontor \u00f6ver hela v\u00e4rlden. Produkterna s\u00e4ljs p\u00e5 138 marknader och f\u00f6rs\u00e4ljningen under 2025 uppgick till 10,4 miljarder kronor. <br \/>www.thulegroup.com<\/p>\n<\/div>\n<div class=\"mfn-footer mfn-attachment mfn-attachment-general\">\n<hr \/>\n<p><strong class=\"mfn-heading-1\">Bifogade filer<\/strong><br \/><a class=\"mfn-generated mfn-primary\" href=\"https:\/\/storage.mfn.se\/28295d4d-9b1e-4ff8-81be-2660aa511c05\/valberedningens-forslag-till-styrelse-i-thule-group.pdf\" rel=\"noopener\" target=\"_blank\">Valberedningens f\u00f6rslag till styrelse i Thule Group<\/a><\/p>\n<\/div>\n<script>\n                Array.prototype.slice.call(document.querySelectorAll(\".mfn-footer.mfn-attachment\")).forEach(function (el) { el.remove() });\n            <\/script>\n        <div class=\"mfn-attachments-container\"><div class=\"mfn-attachment\"><a class=\"mfn-attachment-link\" href=\"https:\/\/storage.mfn.se\/28295d4d-9b1e-4ff8-81be-2660aa511c05\/valberedningens-forslag-till-styrelse-i-thule-group.pdf\"><span class=\"mfn-attachment-icon\"><img decoding=\"async\" src=\"https:\/\/storage.mfn.se\/28295d4d-9b1e-4ff8-81be-2660aa511c05\/valberedningens-forslag-till-styrelse-i-thule-group.pdf?type=jpg\"><\/span>Valberedningens f\u00f6rslag till styrelse i Thule Group<\/a><\/div><\/div>","protected":false},"excerpt":{"rendered":"<p>Valberedningen i Thule Group AB (publ) best\u00e5r av Patricia Hedelius (ordf\u00f6rande), utsedd av AMF F\u00f6rs\u00e4kring och Fonder, Helen Fasth Gillstedt, utsedd av Handelsbanken Fonder, Magnus Sj\u00f6qvist, utsedd av Swedbank Robur Fonder, Carina Silberg, utsedd av Alecta, och Hans Eckerstr\u00f6m, i egenskap av ordf\u00f6rande i Thule Groups styrelse. Valberedningen har informerats om att nuvarande styrelseledam\u00f6ter Sarah [&hellip;]<\/p>","protected":false},"template":"","meta":{"site-sidebar-layout":"default","site-content-layout":"","ast-site-content-layout":"default","site-content-style":"default","site-sidebar-style":"default","ast-global-header-display":"","ast-banner-title-visibility":"","ast-main-header-display":"","ast-hfb-above-header-display":"","ast-hfb-below-header-display":"","ast-hfb-mobile-header-display":"","site-post-title":"","ast-breadcrumbs-content":"","ast-featured-img":"","footer-sml-layout":"","theme-transparent-header-meta":"","adv-header-id-meta":"","stick-header-meta":"","header-above-stick-meta":"","header-main-stick-meta":"","header-below-stick-meta":"","astra-migrate-meta-layouts":"default","ast-page-background-enabled":"default","ast-page-background-meta":{"desktop":{"background-color":"","background-image":"","background-repeat":"repeat","background-position":"center center","background-size":"auto","background-attachment":"scroll","background-type":"","background-media":"","overlay-type":"","overlay-color":"","overlay-opacity":"","overlay-gradient":""},"tablet":{"background-color":"","background-image":"","background-repeat":"repeat","background-position":"center center","background-size":"auto","background-attachment":"scroll","background-type":"","background-media":"","overlay-type":"","overlay-color":"","overlay-opacity":"","overlay-gradient":""},"mobile":{"background-color":"","background-image":"","background-repeat":"repeat","background-position":"center center","background-size":"auto","background-attachment":"scroll","background-type":"","background-media":"","overlay-type":"","overlay-color":"","overlay-opacity":"","overlay-gradient":""}},"ast-content-background-meta":{"desktop":{"background-color":"var(--ast-global-color-5)","background-image":"","background-repeat":"repeat","background-position":"center center","background-size":"auto","background-attachment":"scroll","background-type":"","background-media":"","overlay-type":"","overlay-color":"","overlay-opacity":"","overlay-gradient":""},"tablet":{"background-color":"var(--ast-global-color-5)","background-image":"","background-repeat":"repeat","background-position":"center center","background-size":"auto","background-attachment":"scroll","background-type":"","background-media":"","overlay-type":"","overlay-color":"","overlay-opacity":"","overlay-gradient":""},"mobile":{"background-color":"var(--ast-global-color-5)","background-image":"","background-repeat":"repeat","background-position":"center center","background-size":"auto","background-attachment":"scroll","background-type":"","background-media":"","overlay-type":"","overlay-color":"","overlay-opacity":"","overlay-gradient":""}}},"class_list":["post-4457","mfn_news","type-mfn_news","status-publish","hentry","mfn-news-tag-mfn-ci","mfn-news-tag-mfn-type-ir","mfn-news-tag-mfn-regulatory-listing","mfn-news-tag-mfn-cus-nyheter","mfn-news-tag-mfn","mfn-news-tag-mfn-ci-nomination","mfn-news-tag-mfn-regulatory","mfn-news-tag-mfn-lang-sv"],"yoast_head":"<!-- This site is optimized with the Yoast SEO plugin v26.7 - https:\/\/yoast.com\/wordpress\/plugins\/seo\/ -->\n<title>Valberedningens f\u00f6rslag till styrelse i Thule Group - Kommunikationsbyr\u00e5 Stockholm | Vero Kommunikation AB<\/title>\n<meta name=\"robots\" content=\"index, follow, max-snippet:-1, max-image-preview:large, max-video-preview:-1\" \/>\n<link rel=\"canonical\" href=\"https:\/\/vero.se\/en\/mfn_news\/valberedningens-forslag-till-styrelse-i-thule-group\/\" \/>\n<meta property=\"og:locale\" content=\"en_GB\" \/>\n<meta property=\"og:type\" content=\"article\" \/>\n<meta property=\"og:title\" content=\"Valberedningens f\u00f6rslag till styrelse i Thule Group - Kommunikationsbyr\u00e5 Stockholm | Vero Kommunikation AB\" \/>\n<meta property=\"og:description\" content=\"Valberedningen i Thule Group AB (publ) best\u00e5r av Patricia Hedelius (ordf\u00f6rande), utsedd av AMF F\u00f6rs\u00e4kring och Fonder, Helen Fasth Gillstedt, utsedd av Handelsbanken Fonder, Magnus Sj\u00f6qvist, utsedd av Swedbank Robur Fonder, Carina Silberg, utsedd av Alecta, och Hans Eckerstr\u00f6m, i egenskap av ordf\u00f6rande i Thule Groups styrelse. Valberedningen har informerats om att nuvarande styrelseledam\u00f6ter Sarah [&hellip;]\" \/>\n<meta property=\"og:url\" content=\"https:\/\/vero.se\/en\/mfn_news\/valberedningens-forslag-till-styrelse-i-thule-group\/\" \/>\n<meta property=\"og:site_name\" content=\"Kommunikationsbyr\u00e5 Stockholm | Vero Kommunikation AB\" \/>\n<meta name=\"twitter:card\" content=\"summary_large_image\" \/>\n<meta name=\"twitter:label1\" content=\"Estimated reading time\" \/>\n\t<meta name=\"twitter:data1\" content=\"3 minutes\" \/>\n<script type=\"application\/ld+json\" class=\"yoast-schema-graph\">{\"@context\":\"https:\/\/schema.org\",\"@graph\":[{\"@type\":\"WebPage\",\"@id\":\"https:\/\/vero.se\/mfn_news\/valberedningens-forslag-till-styrelse-i-thule-group\/\",\"url\":\"https:\/\/vero.se\/mfn_news\/valberedningens-forslag-till-styrelse-i-thule-group\/\",\"name\":\"Valberedningens f\u00f6rslag till styrelse i Thule Group - Kommunikationsbyr\u00e5 Stockholm | Vero Kommunikation AB\",\"isPartOf\":{\"@id\":\"https:\/\/vero.se\/#website\"},\"datePublished\":\"2026-02-18T11:30:00+00:00\",\"breadcrumb\":{\"@id\":\"https:\/\/vero.se\/mfn_news\/valberedningens-forslag-till-styrelse-i-thule-group\/#breadcrumb\"},\"inLanguage\":\"en-GB\",\"potentialAction\":[{\"@type\":\"ReadAction\",\"target\":[\"https:\/\/vero.se\/mfn_news\/valberedningens-forslag-till-styrelse-i-thule-group\/\"]}]},{\"@type\":\"BreadcrumbList\",\"@id\":\"https:\/\/vero.se\/mfn_news\/valberedningens-forslag-till-styrelse-i-thule-group\/#breadcrumb\",\"itemListElement\":[{\"@type\":\"ListItem\",\"position\":1,\"name\":\"Hem\",\"item\":\"https:\/\/vero.se\/\"},{\"@type\":\"ListItem\",\"position\":2,\"name\":\"MFN News Items\",\"item\":\"https:\/\/vero.se\/mfn_news\/\"},{\"@type\":\"ListItem\",\"position\":3,\"name\":\"Valberedningens f\u00f6rslag till styrelse i Thule Group\"}]},{\"@type\":\"WebSite\",\"@id\":\"https:\/\/vero.se\/#website\",\"url\":\"https:\/\/vero.se\/\",\"name\":\"Kommunikationsbyr\u00e5 Stockholm | Vero Kommunikation AB\",\"description\":\"\",\"publisher\":{\"@id\":\"https:\/\/vero.se\/#organization\"},\"potentialAction\":[{\"@type\":\"SearchAction\",\"target\":{\"@type\":\"EntryPoint\",\"urlTemplate\":\"https:\/\/vero.se\/?s={search_term_string}\"},\"query-input\":{\"@type\":\"PropertyValueSpecification\",\"valueRequired\":true,\"valueName\":\"search_term_string\"}}],\"inLanguage\":\"en-GB\"},{\"@type\":\"Organization\",\"@id\":\"https:\/\/vero.se\/#organization\",\"name\":\"Vero Kommunikation AB\",\"url\":\"https:\/\/vero.se\/\",\"logo\":{\"@type\":\"ImageObject\",\"inLanguage\":\"en-GB\",\"@id\":\"https:\/\/vero.se\/#\/schema\/logo\/image\/\",\"url\":\"https:\/\/vero.se\/wp-content\/uploads\/2019\/11\/logo2.png\",\"contentUrl\":\"https:\/\/vero.se\/wp-content\/uploads\/2019\/11\/logo2.png\",\"width\":779,\"height\":589,\"caption\":\"Vero Kommunikation AB\"},\"image\":{\"@id\":\"https:\/\/vero.se\/#\/schema\/logo\/image\/\"}}]}<\/script>\n<!-- \/ Yoast SEO plugin. -->","yoast_head_json":{"title":"Valberedningens f\u00f6rslag till styrelse i Thule Group - Kommunikationsbyr\u00e5 Stockholm | Vero Kommunikation AB","robots":{"index":"index","follow":"follow","max-snippet":"max-snippet:-1","max-image-preview":"max-image-preview:large","max-video-preview":"max-video-preview:-1"},"canonical":"https:\/\/vero.se\/en\/mfn_news\/valberedningens-forslag-till-styrelse-i-thule-group\/","og_locale":"en_GB","og_type":"article","og_title":"Valberedningens f\u00f6rslag till styrelse i Thule Group - Kommunikationsbyr\u00e5 Stockholm | Vero Kommunikation AB","og_description":"Valberedningen i Thule Group AB (publ) best\u00e5r av Patricia Hedelius (ordf\u00f6rande), utsedd av AMF F\u00f6rs\u00e4kring och Fonder, Helen Fasth Gillstedt, utsedd av Handelsbanken Fonder, Magnus Sj\u00f6qvist, utsedd av Swedbank Robur Fonder, Carina Silberg, utsedd av Alecta, och Hans Eckerstr\u00f6m, i egenskap av ordf\u00f6rande i Thule Groups styrelse. Valberedningen har informerats om att nuvarande styrelseledam\u00f6ter Sarah [&hellip;]","og_url":"https:\/\/vero.se\/en\/mfn_news\/valberedningens-forslag-till-styrelse-i-thule-group\/","og_site_name":"Kommunikationsbyr\u00e5 Stockholm | Vero Kommunikation AB","twitter_card":"summary_large_image","twitter_misc":{"Estimated reading time":"3 minutes"},"schema":{"@context":"https:\/\/schema.org","@graph":[{"@type":"WebPage","@id":"https:\/\/vero.se\/mfn_news\/valberedningens-forslag-till-styrelse-i-thule-group\/","url":"https:\/\/vero.se\/mfn_news\/valberedningens-forslag-till-styrelse-i-thule-group\/","name":"Valberedningens f\u00f6rslag till styrelse i Thule Group - Kommunikationsbyr\u00e5 Stockholm | Vero Kommunikation AB","isPartOf":{"@id":"https:\/\/vero.se\/#website"},"datePublished":"2026-02-18T11:30:00+00:00","breadcrumb":{"@id":"https:\/\/vero.se\/mfn_news\/valberedningens-forslag-till-styrelse-i-thule-group\/#breadcrumb"},"inLanguage":"en-GB","potentialAction":[{"@type":"ReadAction","target":["https:\/\/vero.se\/mfn_news\/valberedningens-forslag-till-styrelse-i-thule-group\/"]}]},{"@type":"BreadcrumbList","@id":"https:\/\/vero.se\/mfn_news\/valberedningens-forslag-till-styrelse-i-thule-group\/#breadcrumb","itemListElement":[{"@type":"ListItem","position":1,"name":"Hem","item":"https:\/\/vero.se\/"},{"@type":"ListItem","position":2,"name":"MFN News Items","item":"https:\/\/vero.se\/mfn_news\/"},{"@type":"ListItem","position":3,"name":"Valberedningens f\u00f6rslag till styrelse i Thule Group"}]},{"@type":"WebSite","@id":"https:\/\/vero.se\/#website","url":"https:\/\/vero.se\/","name":"Kommunikationsbyr\u00e5 Stockholm | Vero Kommunikation AB","description":"","publisher":{"@id":"https:\/\/vero.se\/#organization"},"potentialAction":[{"@type":"SearchAction","target":{"@type":"EntryPoint","urlTemplate":"https:\/\/vero.se\/?s={search_term_string}"},"query-input":{"@type":"PropertyValueSpecification","valueRequired":true,"valueName":"search_term_string"}}],"inLanguage":"en-GB"},{"@type":"Organization","@id":"https:\/\/vero.se\/#organization","name":"Vero Kommunikation AB","url":"https:\/\/vero.se\/","logo":{"@type":"ImageObject","inLanguage":"en-GB","@id":"https:\/\/vero.se\/#\/schema\/logo\/image\/","url":"https:\/\/vero.se\/wp-content\/uploads\/2019\/11\/logo2.png","contentUrl":"https:\/\/vero.se\/wp-content\/uploads\/2019\/11\/logo2.png","width":779,"height":589,"caption":"Vero Kommunikation AB"},"image":{"@id":"https:\/\/vero.se\/#\/schema\/logo\/image\/"}}]}},"_links":{"self":[{"href":"https:\/\/vero.se\/en\/wp-json\/wp\/v2\/mfn_news\/4457","targetHints":{"allow":["GET"]}}],"collection":[{"href":"https:\/\/vero.se\/en\/wp-json\/wp\/v2\/mfn_news"}],"about":[{"href":"https:\/\/vero.se\/en\/wp-json\/wp\/v2\/types\/mfn_news"}],"wp:attachment":[{"href":"https:\/\/vero.se\/en\/wp-json\/wp\/v2\/media?parent=4457"}],"curies":[{"name":"wp","href":"https:\/\/api.w.org\/{rel}","templated":true}]}}