{"id":4456,"date":"2026-02-18T12:30:00","date_gmt":"2026-02-18T11:30:00","guid":{"rendered":"https:\/\/vero.se\/mfn_news\/nomination-committees-proposal-for-the-board-of-directors-of-thule-group\/"},"modified":"2026-02-18T12:30:00","modified_gmt":"2026-02-18T11:30:00","slug":"nomination-committees-proposal-for-the-board-of-directors-of-thule-group","status":"publish","type":"mfn_news","link":"https:\/\/vero.se\/en\/mfn_news\/nomination-committees-proposal-for-the-board-of-directors-of-thule-group\/","title":{"rendered":"Nomination Committee\u2019s proposal for the Board of Directors of Thule Group"},"content":{"rendered":"<div class=\"mfn-body\">\n<p>The Nomination Committee of Thule Group AB (publ) consists of Patricia Hedelius (Chair), appointed by AMF F\u00f6rs\u00e4kring och Fonder, Helen Fasth Gillstedt, appointed by Handelsbanken Fonder, Magnus Sj\u00f6qvist, appointed by Swedbank Robur Fonder, Carina Silberg, appointed by Alecta, and Hans Eckerstr\u00f6m, in his capacity as Chair of the Board of Thule Group.<\/p>\n<p>The Nomination Committee has been informed that current Board members Sarah McPhee and Anders Jensen have chosen to decline a re-election. The Committee has considered the company\u2019s future needs as well as the challenges and opportunities arising from Thule\u2019s strategic direction and geographical market presence. With this background, the Nomination Committee proposes that the Annual General Meeting elect seven Board members through the re-election of current members Hans Eckerstr\u00f6m, Johan Westman, Sandra Fin\u00e9r, Paul Gustavsson, and Helene Willberg, and the election of new members Per-Arne Blomquist and Sara Molnar. Furthermore, the Nomination Committee proposes the re-election of Hans Eckerstr\u00f6m as Chair of the Board and that Per-Arne Blomquist be elected Vice Chair of the Board.<\/p>\n<p>Information about the current Board members and those proposed for re-election is available on the company\u2019s website, <a href=\"http:\/\/www.thulegroup.com\" rel=\"noopener\" target=\"_blank\">www.thulegroup.com<\/a>. Information about the Board members proposed for election is provided below.<\/p>\n<p><strong>Per-Arne Blomquist<\/strong>, born in 1962, holds a degree in Business Administration from the Stockholm School of Economics. Per-Arne is currently CEO of Qarlbo AB and Senior Advisor at EQT. He previously served as CFO and Deputy CEO of Dometic Group. He also has experience from positions such as CFO and Acting CEO of TeliaSonera AB, CFO of SEB, Chairman of the Board of Zmarta Group\/Freedom Finance and IP-Only, and Board member of Neste Oil Oy. Per-Arne owns 0 shares in Thule Group.<\/p>\n<p><strong>Sara Molnar<\/strong>, born in 1977, holds a Bachelor\u2019s degree in Business Administration from Stockholm University and a Master\u2019s degree in Legal Science from \u00d6rebro University. Between 2018 and 2024, Sara served as Global CEO of Peak Performance and has prior extensive experience in senior roles at SEB, within the Corporate &amp; Investment Banking division, in both business development and legal affairs. Sara has previously been a member of the Amer Sports Executive Board. Sara owns 0 shares in Thule Group.<\/p>\n<p><strong>Auditor:<\/strong> In accordance with the Audit Committee\u2019s recommendation, the re-election of the registered accounting firm PricewaterhouseCoopers AB is proposed as auditor for the period until the end of the Annual General Meeting 2027. PricewaterhouseCoopers AB has informed that the current auditor, Sofia G\u00f6tmar Blomstedt, will step down from her assignment and that the authorized public accountant Erik Bergh will be appointed as the auditor in charge, provided that the Nomination Committee\u2019s proposal is approved by the Annual General Meeting.<\/p>\n<\/div>\n<div class=\"mfn-footer mfn-11c3c2691165\">\n<hr \/>\n<p><strong class=\"mfn-heading-1\">Contact<\/strong><br \/><strong>Patricia Hedelius<\/strong> <br \/>Chair, Nomination Committee <br \/><a href=\"mailto:Patricia.Hedelius@amf.se\" rel=\"noopener\" target=\"_blank\">patricia.hedelius@amf.se<\/a><\/p>\n<p><strong>Hans Eckerstr\u00f6m<\/strong> <br \/>Chair of the Board, Thule Group AB <br \/><a href=\"mailto:hans.eckerstrom@aligro.se\" rel=\"noopener\" target=\"_blank\">hans.eckerstrom@aligro.se<\/a><\/p>\n<p><strong>Anna-Karin Kjellstr\u00f6m<\/strong> <br \/>General Counsel, Thule <br \/><a href=\"mailto:Anna-Karin.Kjellstrom@thule.com\" rel=\"noopener\" target=\"_blank\">anna-karin.kjellstrom@thule.com<\/a><\/p>\n<\/div>\n<div class=\"mfn-footer mfn-about mfn-3d8b2fc4095a\">\n<hr \/>\n<p><strong class=\"mfn-heading-1\">About Thule Group<\/strong><br \/>Thule is a global sports and outdoor company. We offer high-quality products with smart features and a sustainable design that make it easy for people across the globe to live an active life. Under the motto <em>Bring your Life <\/em>\u2013 and with a focus on consumer-driven innovation and long-term sustainability \u2013 we develop, manufacture and market products within the product categories <strong>Sport &amp; Cargo Carriers<\/strong> (roof racks, roof boxes and carriers for transporting cycling, water and winter sports equipment, and rooftop tents mounted on a car), <strong>Active with Kids &amp; Dogs <\/strong>(car seats, strollers, bike trailers, child bike seats and dog transport), <strong>RV Products<\/strong> (awnings, bike carriers and tents for RVs and caravans) and <strong>Bags &amp; Mounts <\/strong>(backpacks, luggage and performance mounts).<\/p>\n<p>Thule Group has about 3,000 employees at nine production facilities and 35 sales offices worldwide. The Group\u2019s products are sold in 138 markets and in 2025, sales amounted to SEK 10.4 billion.<br \/>www.thulegroup.com<\/p>\n<\/div>\n<div class=\"mfn-footer mfn-attachment mfn-attachment-general\">\n<hr \/>\n<p><strong class=\"mfn-heading-1\">Attachments<\/strong><br \/><a class=\"mfn-generated mfn-primary\" href=\"https:\/\/storage.mfn.se\/20283e60-47e7-4992-b1bc-304246047567\/nomination-committees-proposal-for-the-board-of-directors-of-thule-group.pdf\" rel=\"noopener\" target=\"_blank\">Nomination Committee\u2019s proposal for the Board of Directors of Thule Group<\/a><\/p>\n<\/div>\n<script>\n                Array.prototype.slice.call(document.querySelectorAll(\".mfn-footer.mfn-attachment\")).forEach(function (el) { el.remove() });\n            <\/script>\n        <div class=\"mfn-attachments-container\"><div class=\"mfn-attachment\"><a class=\"mfn-attachment-link\" href=\"https:\/\/storage.mfn.se\/20283e60-47e7-4992-b1bc-304246047567\/nomination-committees-proposal-for-the-board-of-directors-of-thule-group.pdf\"><span class=\"mfn-attachment-icon\"><img decoding=\"async\" src=\"https:\/\/storage.mfn.se\/20283e60-47e7-4992-b1bc-304246047567\/nomination-committees-proposal-for-the-board-of-directors-of-thule-group.pdf?type=jpg\"><\/span>Nomination Committee\u2019s proposal for the Board of Directors of Thule Group<\/a><\/div><\/div>","protected":false},"excerpt":{"rendered":"<p>The Nomination Committee of Thule Group AB (publ) consists of Patricia Hedelius (Chair), appointed by AMF F\u00f6rs\u00e4kring och Fonder, Helen Fasth Gillstedt, appointed by Handelsbanken Fonder, Magnus Sj\u00f6qvist, appointed by Swedbank Robur Fonder, Carina Silberg, appointed by Alecta, and Hans Eckerstr\u00f6m, in his capacity as Chair of the Board of Thule Group. The Nomination Committee [&hellip;]<\/p>","protected":false},"template":"","meta":{"site-sidebar-layout":"default","site-content-layout":"","ast-site-content-layout":"default","site-content-style":"default","site-sidebar-style":"default","ast-global-header-display":"","ast-banner-title-visibility":"","ast-main-header-display":"","ast-hfb-above-header-display":"","ast-hfb-below-header-display":"","ast-hfb-mobile-header-display":"","site-post-title":"","ast-breadcrumbs-content":"","ast-featured-img":"","footer-sml-layout":"","theme-transparent-header-meta":"","adv-header-id-meta":"","stick-header-meta":"","header-above-stick-meta":"","header-main-stick-meta":"","header-below-stick-meta":"","astra-migrate-meta-layouts":"default","ast-page-background-enabled":"default","ast-page-background-meta":{"desktop":{"background-color":"","background-image":"","background-repeat":"repeat","background-position":"center center","background-size":"auto","background-attachment":"scroll","background-type":"","background-media":"","overlay-type":"","overlay-color":"","overlay-opacity":"","overlay-gradient":""},"tablet":{"background-color":"","background-image":"","background-repeat":"repeat","background-position":"center center","background-size":"auto","background-attachment":"scroll","background-type":"","background-media":"","overlay-type":"","overlay-color":"","overlay-opacity":"","overlay-gradient":""},"mobile":{"background-color":"","background-image":"","background-repeat":"repeat","background-position":"center center","background-size":"auto","background-attachment":"scroll","background-type":"","background-media":"","overlay-type":"","overlay-color":"","overlay-opacity":"","overlay-gradient":""}},"ast-content-background-meta":{"desktop":{"background-color":"var(--ast-global-color-5)","background-image":"","background-repeat":"repeat","background-position":"center center","background-size":"auto","background-attachment":"scroll","background-type":"","background-media":"","overlay-type":"","overlay-color":"","overlay-opacity":"","overlay-gradient":""},"tablet":{"background-color":"var(--ast-global-color-5)","background-image":"","background-repeat":"repeat","background-position":"center center","background-size":"auto","background-attachment":"scroll","background-type":"","background-media":"","overlay-type":"","overlay-color":"","overlay-opacity":"","overlay-gradient":""},"mobile":{"background-color":"var(--ast-global-color-5)","background-image":"","background-repeat":"repeat","background-position":"center center","background-size":"auto","background-attachment":"scroll","background-type":"","background-media":"","overlay-type":"","overlay-color":"","overlay-opacity":"","overlay-gradient":""}}},"class_list":["post-4456","mfn_news","type-mfn_news","status-publish","hentry","mfn-news-tag-mfn-ci","mfn-news-tag-mfn-lang-en","mfn-news-tag-mfn-type-ir","mfn-news-tag-mfn-regulatory-listing","mfn-news-tag-mfn-cus-nyheter","mfn-news-tag-mfn","mfn-news-tag-mfn-ci-nomination","mfn-news-tag-mfn-regulatory"],"yoast_head":"<!-- This site is optimized with the Yoast SEO plugin v26.7 - https:\/\/yoast.com\/wordpress\/plugins\/seo\/ -->\n<title>Nomination Committee\u2019s proposal for the Board of Directors of Thule Group - Kommunikationsbyr\u00e5 Stockholm | Vero Kommunikation AB<\/title>\n<meta name=\"robots\" content=\"index, follow, max-snippet:-1, max-image-preview:large, max-video-preview:-1\" \/>\n<link rel=\"canonical\" href=\"https:\/\/vero.se\/en\/mfn_news\/nomination-committees-proposal-for-the-board-of-directors-of-thule-group\/\" \/>\n<meta property=\"og:locale\" content=\"en_GB\" \/>\n<meta property=\"og:type\" content=\"article\" \/>\n<meta property=\"og:title\" content=\"Nomination Committee\u2019s proposal for the Board of Directors of Thule Group - Kommunikationsbyr\u00e5 Stockholm | Vero Kommunikation AB\" \/>\n<meta property=\"og:description\" content=\"The Nomination Committee of Thule Group AB (publ) consists of Patricia Hedelius (Chair), appointed by AMF F\u00f6rs\u00e4kring och Fonder, Helen Fasth Gillstedt, appointed by Handelsbanken Fonder, Magnus Sj\u00f6qvist, appointed by Swedbank Robur Fonder, Carina Silberg, appointed by Alecta, and Hans Eckerstr\u00f6m, in his capacity as Chair of the Board of Thule Group. The Nomination Committee [&hellip;]\" \/>\n<meta property=\"og:url\" content=\"https:\/\/vero.se\/en\/mfn_news\/nomination-committees-proposal-for-the-board-of-directors-of-thule-group\/\" \/>\n<meta property=\"og:site_name\" content=\"Kommunikationsbyr\u00e5 Stockholm | Vero Kommunikation AB\" \/>\n<meta name=\"twitter:card\" content=\"summary_large_image\" \/>\n<meta name=\"twitter:label1\" content=\"Estimated reading time\" \/>\n\t<meta name=\"twitter:data1\" content=\"3 minutes\" \/>\n<script type=\"application\/ld+json\" class=\"yoast-schema-graph\">{\"@context\":\"https:\/\/schema.org\",\"@graph\":[{\"@type\":\"WebPage\",\"@id\":\"https:\/\/vero.se\/mfn_news\/nomination-committees-proposal-for-the-board-of-directors-of-thule-group\/\",\"url\":\"https:\/\/vero.se\/mfn_news\/nomination-committees-proposal-for-the-board-of-directors-of-thule-group\/\",\"name\":\"Nomination Committee\u2019s proposal for the Board of Directors of Thule Group - Kommunikationsbyr\u00e5 Stockholm | Vero Kommunikation AB\",\"isPartOf\":{\"@id\":\"https:\/\/vero.se\/#website\"},\"datePublished\":\"2026-02-18T11:30:00+00:00\",\"breadcrumb\":{\"@id\":\"https:\/\/vero.se\/mfn_news\/nomination-committees-proposal-for-the-board-of-directors-of-thule-group\/#breadcrumb\"},\"inLanguage\":\"en-GB\",\"potentialAction\":[{\"@type\":\"ReadAction\",\"target\":[\"https:\/\/vero.se\/mfn_news\/nomination-committees-proposal-for-the-board-of-directors-of-thule-group\/\"]}]},{\"@type\":\"BreadcrumbList\",\"@id\":\"https:\/\/vero.se\/mfn_news\/nomination-committees-proposal-for-the-board-of-directors-of-thule-group\/#breadcrumb\",\"itemListElement\":[{\"@type\":\"ListItem\",\"position\":1,\"name\":\"Hem\",\"item\":\"https:\/\/vero.se\/\"},{\"@type\":\"ListItem\",\"position\":2,\"name\":\"MFN News Items\",\"item\":\"https:\/\/vero.se\/mfn_news\/\"},{\"@type\":\"ListItem\",\"position\":3,\"name\":\"Nomination Committee\u2019s proposal for the Board of Directors of Thule Group\"}]},{\"@type\":\"WebSite\",\"@id\":\"https:\/\/vero.se\/#website\",\"url\":\"https:\/\/vero.se\/\",\"name\":\"Kommunikationsbyr\u00e5 Stockholm | Vero Kommunikation AB\",\"description\":\"\",\"publisher\":{\"@id\":\"https:\/\/vero.se\/#organization\"},\"potentialAction\":[{\"@type\":\"SearchAction\",\"target\":{\"@type\":\"EntryPoint\",\"urlTemplate\":\"https:\/\/vero.se\/?s={search_term_string}\"},\"query-input\":{\"@type\":\"PropertyValueSpecification\",\"valueRequired\":true,\"valueName\":\"search_term_string\"}}],\"inLanguage\":\"en-GB\"},{\"@type\":\"Organization\",\"@id\":\"https:\/\/vero.se\/#organization\",\"name\":\"Vero Kommunikation AB\",\"url\":\"https:\/\/vero.se\/\",\"logo\":{\"@type\":\"ImageObject\",\"inLanguage\":\"en-GB\",\"@id\":\"https:\/\/vero.se\/#\/schema\/logo\/image\/\",\"url\":\"https:\/\/vero.se\/wp-content\/uploads\/2019\/11\/logo2.png\",\"contentUrl\":\"https:\/\/vero.se\/wp-content\/uploads\/2019\/11\/logo2.png\",\"width\":779,\"height\":589,\"caption\":\"Vero Kommunikation AB\"},\"image\":{\"@id\":\"https:\/\/vero.se\/#\/schema\/logo\/image\/\"}}]}<\/script>\n<!-- \/ Yoast SEO plugin. -->","yoast_head_json":{"title":"Nomination Committee\u2019s proposal for the Board of Directors of Thule Group - Kommunikationsbyr\u00e5 Stockholm | Vero Kommunikation AB","robots":{"index":"index","follow":"follow","max-snippet":"max-snippet:-1","max-image-preview":"max-image-preview:large","max-video-preview":"max-video-preview:-1"},"canonical":"https:\/\/vero.se\/en\/mfn_news\/nomination-committees-proposal-for-the-board-of-directors-of-thule-group\/","og_locale":"en_GB","og_type":"article","og_title":"Nomination Committee\u2019s proposal for the Board of Directors of Thule Group - Kommunikationsbyr\u00e5 Stockholm | Vero Kommunikation AB","og_description":"The Nomination Committee of Thule Group AB (publ) consists of Patricia Hedelius (Chair), appointed by AMF F\u00f6rs\u00e4kring och Fonder, Helen Fasth Gillstedt, appointed by Handelsbanken Fonder, Magnus Sj\u00f6qvist, appointed by Swedbank Robur Fonder, Carina Silberg, appointed by Alecta, and Hans Eckerstr\u00f6m, in his capacity as Chair of the Board of Thule Group. The Nomination Committee [&hellip;]","og_url":"https:\/\/vero.se\/en\/mfn_news\/nomination-committees-proposal-for-the-board-of-directors-of-thule-group\/","og_site_name":"Kommunikationsbyr\u00e5 Stockholm | Vero Kommunikation AB","twitter_card":"summary_large_image","twitter_misc":{"Estimated reading time":"3 minutes"},"schema":{"@context":"https:\/\/schema.org","@graph":[{"@type":"WebPage","@id":"https:\/\/vero.se\/mfn_news\/nomination-committees-proposal-for-the-board-of-directors-of-thule-group\/","url":"https:\/\/vero.se\/mfn_news\/nomination-committees-proposal-for-the-board-of-directors-of-thule-group\/","name":"Nomination Committee\u2019s proposal for the Board of Directors of Thule Group - Kommunikationsbyr\u00e5 Stockholm | Vero Kommunikation AB","isPartOf":{"@id":"https:\/\/vero.se\/#website"},"datePublished":"2026-02-18T11:30:00+00:00","breadcrumb":{"@id":"https:\/\/vero.se\/mfn_news\/nomination-committees-proposal-for-the-board-of-directors-of-thule-group\/#breadcrumb"},"inLanguage":"en-GB","potentialAction":[{"@type":"ReadAction","target":["https:\/\/vero.se\/mfn_news\/nomination-committees-proposal-for-the-board-of-directors-of-thule-group\/"]}]},{"@type":"BreadcrumbList","@id":"https:\/\/vero.se\/mfn_news\/nomination-committees-proposal-for-the-board-of-directors-of-thule-group\/#breadcrumb","itemListElement":[{"@type":"ListItem","position":1,"name":"Hem","item":"https:\/\/vero.se\/"},{"@type":"ListItem","position":2,"name":"MFN News Items","item":"https:\/\/vero.se\/mfn_news\/"},{"@type":"ListItem","position":3,"name":"Nomination Committee\u2019s proposal for the Board of Directors of Thule Group"}]},{"@type":"WebSite","@id":"https:\/\/vero.se\/#website","url":"https:\/\/vero.se\/","name":"Kommunikationsbyr\u00e5 Stockholm | Vero Kommunikation AB","description":"","publisher":{"@id":"https:\/\/vero.se\/#organization"},"potentialAction":[{"@type":"SearchAction","target":{"@type":"EntryPoint","urlTemplate":"https:\/\/vero.se\/?s={search_term_string}"},"query-input":{"@type":"PropertyValueSpecification","valueRequired":true,"valueName":"search_term_string"}}],"inLanguage":"en-GB"},{"@type":"Organization","@id":"https:\/\/vero.se\/#organization","name":"Vero Kommunikation AB","url":"https:\/\/vero.se\/","logo":{"@type":"ImageObject","inLanguage":"en-GB","@id":"https:\/\/vero.se\/#\/schema\/logo\/image\/","url":"https:\/\/vero.se\/wp-content\/uploads\/2019\/11\/logo2.png","contentUrl":"https:\/\/vero.se\/wp-content\/uploads\/2019\/11\/logo2.png","width":779,"height":589,"caption":"Vero Kommunikation AB"},"image":{"@id":"https:\/\/vero.se\/#\/schema\/logo\/image\/"}}]}},"_links":{"self":[{"href":"https:\/\/vero.se\/en\/wp-json\/wp\/v2\/mfn_news\/4456","targetHints":{"allow":["GET"]}}],"collection":[{"href":"https:\/\/vero.se\/en\/wp-json\/wp\/v2\/mfn_news"}],"about":[{"href":"https:\/\/vero.se\/en\/wp-json\/wp\/v2\/types\/mfn_news"}],"wp:attachment":[{"href":"https:\/\/vero.se\/en\/wp-json\/wp\/v2\/media?parent=4456"}],"curies":[{"name":"wp","href":"https:\/\/api.w.org\/{rel}","templated":true}]}}