{"id":3968,"date":"2024-05-24T10:05:00","date_gmt":"2024-05-24T09:05:00","guid":{"rendered":"https:\/\/vero.se\/mfn_news\/thule-group-ab-publ-utser-ny-kommunikationsdirektor-och-chef-for-investerarrelationer-ir\/"},"modified":"2024-05-24T10:05:00","modified_gmt":"2024-05-24T09:05:00","slug":"thule-group-ab-publ-utser-ny-kommunikationsdirektor-och-chef-for-investerarrelationer-ir","status":"publish","type":"mfn_news","link":"https:\/\/vero.se\/en\/mfn_news\/thule-group-ab-publ-utser-ny-kommunikationsdirektor-och-chef-for-investerarrelationer-ir\/","title":{"rendered":"Thule Group AB (publ) utser ny Kommunikationsdirekt\u00f6r och chef f\u00f6r investerarrelationer (IR)"},"content":{"rendered":"<div class=\"mfn-preamble\">\n<p><strong>Catharina Paulc\u00e9n har utsetts till Kommunikationsdirekt\u00f6r och IR-chef, tillika medlem av koncernledningen i Thule Group AB, med placering p\u00e5 f\u00f6retagets huvudkontor i Malm\u00f6<\/strong><\/p>\n<\/div>\n<div class=\"mfn-body\">\n<p>Catharina har \u00f6ver tjugo \u00e5rs erfarenhet av kommunikation och investerarrelationer i internationell milj\u00f6. Efter sin examen fr\u00e5n Lunds Universitetet spenderade Catharina \u00f6ver femton \u00e5r i mjukvarubranschen, och har d\u00e4refter varit kommunikationsdirekt\u00f6r p\u00e5 de publika f\u00f6retagen Haldex AB, tillverkare av fordonskomponenter, och senast ventilationsf\u00f6retaget Lindab AB. Catharina har ocks\u00e5 ett stort friluftsintresse och \u00e4r en aktiv ledare inom scouterna p\u00e5 lokal och nationell svensk niv\u00e5.<\/p>\n<p>\u201dJag \u00e4r glad att v\u00e4lkomna Catharina till Thule Group. Hennes omfattande erfarenhet fr\u00e5n olika branscher och situationer \u00e4r ett starkt tillskott till koncernledningen. Hennes ledarstil och passion f\u00f6r en aktiv livsstil utomhus passar ocks\u00e5 v\u00e4l med f\u00f6retagets kultur och verksamhet.\u201d<\/p>\n<p>Catharina tilltr\u00e4der sin tj\u00e4nst senast i november 2024.<\/p>\n<p><strong>F\u00f6r ytterligare information, kontakta:<\/strong><br \/>Mattias Ankarberg Vd och koncernchef Thule Group <br \/>E-mail: mattias.ankarberg@thule.com<br \/>Mobile: 0736 65 44 46<\/p>\n<\/div>\n<div class=\"mfn-footer mfn-about mfn-3d8b2fc4095a\">\n<hr \/>\n<p><strong class=\"mfn-heading-1\">Om Thule Group<\/strong><br \/>Thule Group \u00e4r ett globalt sport- och fritidsf\u00f6retag. Vi erbjuder produkter av h\u00f6g kvalitet, med smarta funktioner och h\u00e5llbar design som g\u00f6r det l\u00e4tt f\u00f6r m\u00e4nniskor v\u00e4rlden \u00f6ver att leva ett aktivt liv. Under mottot <em>Active Life, Simplified<\/em>. och med ett fokus p\u00e5 konsumentdriven innovation och ett l\u00e5ngsiktigt h\u00e5llbarhetsperspektiv utvecklar, tillverkar och marknadsf\u00f6r vi produkter inom produktkategorierna <strong>Sport&amp;Cargo Carriers<\/strong> (t.ex. takr\u00e4cken, takboxar, h\u00e5llare f\u00f6r cykel-, vatten- och vintersporter, takt\u00e4lt som monteras p\u00e5 bil), <strong>Juvenile &amp; Pet Products<\/strong> (t.ex. bilbarnstolar, barnvagnar, cykelvagnar, cykelbarnstolar och hundtransport), <strong>RV Products<\/strong> (t.ex. markiser, cykelh\u00e5llare och t\u00e4lt f\u00f6r husbilar och husvagnar) och <strong>Packs, Bags &amp; Luggage<\/strong> (t.ex. vandringsryggs\u00e4ckar, resv\u00e4skor och kamerav\u00e4skor).<br \/>Thule Group har cirka 2 600 anst\u00e4llda vid 9 produktionsanl\u00e4ggningar och 35 f\u00f6rs\u00e4ljningskontor \u00f6ver hela v\u00e4rlden. Produkterna s\u00e4ljs p\u00e5 138 marknader och f\u00f6rs\u00e4ljningen under 2023 uppgick till 9,1 miljarder kronor. <br \/>www.thulegroup.com<\/p>\n<\/div>\n<div class=\"mfn-footer mfn-attachment mfn-attachment-image\">\n<hr \/>\n<p><strong class=\"mfn-heading-1\">Bifogade bilder<\/strong><br \/><a href=\"https:\/\/storage.mfn.se\/ea5a3939-989d-4f57-891b-fc85169f84c8\/catharina-paulcen.jpeg\" rel=\"noopener\" target=\"_blank\">Catharina Paulc\u00e9n<\/a><\/p>\n<\/div>\n<div class=\"mfn-footer mfn-attachment mfn-attachment-general\">\n<hr \/>\n<p><strong class=\"mfn-heading-1\">Bifogade filer<\/strong><br \/><a class=\"mfn-generated mfn-primary\" href=\"https:\/\/storage.mfn.se\/18e70b35-2c85-44c6-9120-48fe2d3cb28a\/thule-group-ab-publ-utser-ny-kommunikationsdirektor-och-chef-for-investerarrelationer-ir.pdf\" rel=\"noopener\" target=\"_blank\">Thule Group AB (publ) utser ny Kommunikationsdirekt\u00f6r och chef f\u00f6r investerarrelationer (IR)<\/a><\/p>\n<\/div>\n<script>\n                Array.prototype.slice.call(document.querySelectorAll(\".mfn-footer.mfn-attachment\")).forEach(function (el) { el.remove() });\n            <\/script>\n        <div class=\"mfn-attachments-container\"><div class=\"mfn-attachment\"><a class=\"mfn-attachment-link\" href=\"https:\/\/storage.mfn.se\/18e70b35-2c85-44c6-9120-48fe2d3cb28a\/thule-group-ab-publ-utser-ny-kommunikationsdirektor-och-chef-for-investerarrelationer-ir.pdf\"><span class=\"mfn-attachment-icon\"><img decoding=\"async\" src=\"https:\/\/storage.mfn.se\/18e70b35-2c85-44c6-9120-48fe2d3cb28a\/thule-group-ab-publ-utser-ny-kommunikationsdirektor-och-chef-for-investerarrelationer-ir.pdf?type=jpg\"><\/span>Thule Group AB (publ) utser ny Kommunikationsdirekt\u00f6r och chef f\u00f6r investerarrelationer (IR)<\/a><\/div><div class=\"mfn-attachment\"><a class=\"mfn-attachment-link\" href=\"https:\/\/storage.mfn.se\/ea5a3939-989d-4f57-891b-fc85169f84c8\/catharina-paulcen.jpeg\"><span class=\"mfn-attachment-icon\"><img decoding=\"async\" data-src=\"https:\/\/storage.mfn.se\/ea5a3939-989d-4f57-891b-fc85169f84c8\/catharina-paulcen.jpeg?size=w-512\" src=\"data:image\/svg+xml;base64,PHN2ZyB3aWR0aD0iMSIgaGVpZ2h0PSIxIiB4bWxucz0iaHR0cDovL3d3dy53My5vcmcvMjAwMC9zdmciPjwvc3ZnPg==\" class=\"lazyload\"><\/span>Catharina Paulc\u00e9n<\/a><\/div><\/div>","protected":false},"excerpt":{"rendered":"<p>Catharina Paulc\u00e9n har utsetts till Kommunikationsdirekt\u00f6r och IR-chef, tillika medlem av koncernledningen i Thule Group AB, med placering p\u00e5 f\u00f6retagets huvudkontor i Malm\u00f6<\/p>","protected":false},"template":"","meta":{"site-sidebar-layout":"default","site-content-layout":"","ast-site-content-layout":"default","site-content-style":"default","site-sidebar-style":"default","ast-global-header-display":"","ast-banner-title-visibility":"","ast-main-header-display":"","ast-hfb-above-header-display":"","ast-hfb-below-header-display":"","ast-hfb-mobile-header-display":"","site-post-title":"","ast-breadcrumbs-content":"","ast-featured-img":"","footer-sml-layout":"","theme-transparent-header-meta":"","adv-header-id-meta":"","stick-header-meta":"","header-above-stick-meta":"","header-main-stick-meta":"","header-below-stick-meta":"","astra-migrate-meta-layouts":"default","ast-page-background-enabled":"default","ast-page-background-meta":{"desktop":{"background-color":"","background-image":"","background-repeat":"repeat","background-position":"center center","background-size":"auto","background-attachment":"scroll","background-type":"","background-media":"","overlay-type":"","overlay-color":"","overlay-opacity":"","overlay-gradient":""},"tablet":{"background-color":"","background-image":"","background-repeat":"repeat","background-position":"center center","background-size":"auto","background-attachment":"scroll","background-type":"","background-media":"","overlay-type":"","overlay-color":"","overlay-opacity":"","overlay-gradient":""},"mobile":{"background-color":"","background-image":"","background-repeat":"repeat","background-position":"center center","background-size":"auto","background-attachment":"scroll","background-type":"","background-media":"","overlay-type":"","overlay-color":"","overlay-opacity":"","overlay-gradient":""}},"ast-content-background-meta":{"desktop":{"background-color":"var(--ast-global-color-5)","background-image":"","background-repeat":"repeat","background-position":"center center","background-size":"auto","background-attachment":"scroll","background-type":"","background-media":"","overlay-type":"","overlay-color":"","overlay-opacity":"","overlay-gradient":""},"tablet":{"background-color":"var(--ast-global-color-5)","background-image":"","background-repeat":"repeat","background-position":"center center","background-size":"auto","background-attachment":"scroll","background-type":"","background-media":"","overlay-type":"","overlay-color":"","overlay-opacity":"","overlay-gradient":""},"mobile":{"background-color":"var(--ast-global-color-5)","background-image":"","background-repeat":"repeat","background-position":"center center","background-size":"auto","background-attachment":"scroll","background-type":"","background-media":"","overlay-type":"","overlay-color":"","overlay-opacity":"","overlay-gradient":""}}},"class_list":["post-3968","mfn_news","type-mfn_news","status-publish","hentry","mfn-news-tag-mfn-ci","mfn-news-tag-mfn-type-ir","mfn-news-tag-mfn","mfn-news-tag-mfn-ci-staff","mfn-news-tag-mfn-lang-sv"],"yoast_head":"<!-- This site is optimized with the Yoast SEO plugin v26.7 - https:\/\/yoast.com\/wordpress\/plugins\/seo\/ -->\n<title>Thule Group AB (publ) utser ny Kommunikationsdirekt\u00f6r och chef f\u00f6r investerarrelationer (IR) - Kommunikationsbyr\u00e5 Stockholm | Vero Kommunikation AB<\/title>\n<meta name=\"robots\" content=\"index, follow, max-snippet:-1, max-image-preview:large, max-video-preview:-1\" \/>\n<link rel=\"canonical\" href=\"https:\/\/vero.se\/en\/mfn_news\/thule-group-ab-publ-utser-ny-kommunikationsdirektor-och-chef-for-investerarrelationer-ir\/\" \/>\n<meta property=\"og:locale\" content=\"en_GB\" \/>\n<meta property=\"og:type\" content=\"article\" \/>\n<meta property=\"og:title\" content=\"Thule Group AB (publ) utser ny Kommunikationsdirekt\u00f6r och chef f\u00f6r investerarrelationer (IR) - Kommunikationsbyr\u00e5 Stockholm | Vero Kommunikation AB\" \/>\n<meta property=\"og:description\" content=\"Catharina Paulc\u00e9n har utsetts till Kommunikationsdirekt\u00f6r och IR-chef, tillika medlem av koncernledningen i Thule Group AB, med placering p\u00e5 f\u00f6retagets huvudkontor i Malm\u00f6\" \/>\n<meta property=\"og:url\" content=\"https:\/\/vero.se\/en\/mfn_news\/thule-group-ab-publ-utser-ny-kommunikationsdirektor-och-chef-for-investerarrelationer-ir\/\" \/>\n<meta property=\"og:site_name\" content=\"Kommunikationsbyr\u00e5 Stockholm | Vero Kommunikation AB\" \/>\n<meta name=\"twitter:card\" content=\"summary_large_image\" \/>\n<meta name=\"twitter:label1\" content=\"Estimated reading time\" \/>\n\t<meta name=\"twitter:data1\" content=\"2 minutes\" \/>\n<script type=\"application\/ld+json\" class=\"yoast-schema-graph\">{\"@context\":\"https:\/\/schema.org\",\"@graph\":[{\"@type\":\"WebPage\",\"@id\":\"https:\/\/vero.se\/mfn_news\/thule-group-ab-publ-utser-ny-kommunikationsdirektor-och-chef-for-investerarrelationer-ir\/\",\"url\":\"https:\/\/vero.se\/mfn_news\/thule-group-ab-publ-utser-ny-kommunikationsdirektor-och-chef-for-investerarrelationer-ir\/\",\"name\":\"Thule Group AB (publ) utser ny Kommunikationsdirekt\u00f6r och chef f\u00f6r investerarrelationer (IR) - Kommunikationsbyr\u00e5 Stockholm | Vero Kommunikation AB\",\"isPartOf\":{\"@id\":\"https:\/\/vero.se\/#website\"},\"datePublished\":\"2024-05-24T09:05:00+00:00\",\"breadcrumb\":{\"@id\":\"https:\/\/vero.se\/mfn_news\/thule-group-ab-publ-utser-ny-kommunikationsdirektor-och-chef-for-investerarrelationer-ir\/#breadcrumb\"},\"inLanguage\":\"en-GB\",\"potentialAction\":[{\"@type\":\"ReadAction\",\"target\":[\"https:\/\/vero.se\/mfn_news\/thule-group-ab-publ-utser-ny-kommunikationsdirektor-och-chef-for-investerarrelationer-ir\/\"]}]},{\"@type\":\"BreadcrumbList\",\"@id\":\"https:\/\/vero.se\/mfn_news\/thule-group-ab-publ-utser-ny-kommunikationsdirektor-och-chef-for-investerarrelationer-ir\/#breadcrumb\",\"itemListElement\":[{\"@type\":\"ListItem\",\"position\":1,\"name\":\"Hem\",\"item\":\"https:\/\/vero.se\/\"},{\"@type\":\"ListItem\",\"position\":2,\"name\":\"MFN News Items\",\"item\":\"https:\/\/vero.se\/mfn_news\/\"},{\"@type\":\"ListItem\",\"position\":3,\"name\":\"Thule Group AB (publ) utser ny Kommunikationsdirekt\u00f6r och chef f\u00f6r investerarrelationer (IR)\"}]},{\"@type\":\"WebSite\",\"@id\":\"https:\/\/vero.se\/#website\",\"url\":\"https:\/\/vero.se\/\",\"name\":\"Kommunikationsbyr\u00e5 Stockholm | Vero Kommunikation AB\",\"description\":\"\",\"publisher\":{\"@id\":\"https:\/\/vero.se\/#organization\"},\"potentialAction\":[{\"@type\":\"SearchAction\",\"target\":{\"@type\":\"EntryPoint\",\"urlTemplate\":\"https:\/\/vero.se\/?s={search_term_string}\"},\"query-input\":{\"@type\":\"PropertyValueSpecification\",\"valueRequired\":true,\"valueName\":\"search_term_string\"}}],\"inLanguage\":\"en-GB\"},{\"@type\":\"Organization\",\"@id\":\"https:\/\/vero.se\/#organization\",\"name\":\"Vero Kommunikation AB\",\"url\":\"https:\/\/vero.se\/\",\"logo\":{\"@type\":\"ImageObject\",\"inLanguage\":\"en-GB\",\"@id\":\"https:\/\/vero.se\/#\/schema\/logo\/image\/\",\"url\":\"https:\/\/vero.se\/wp-content\/uploads\/2019\/11\/logo2.png\",\"contentUrl\":\"https:\/\/vero.se\/wp-content\/uploads\/2019\/11\/logo2.png\",\"width\":779,\"height\":589,\"caption\":\"Vero Kommunikation AB\"},\"image\":{\"@id\":\"https:\/\/vero.se\/#\/schema\/logo\/image\/\"}}]}<\/script>\n<!-- \/ Yoast SEO plugin. -->","yoast_head_json":{"title":"Thule Group AB (publ) utser ny Kommunikationsdirekt\u00f6r och chef f\u00f6r investerarrelationer (IR) - Kommunikationsbyr\u00e5 Stockholm | Vero Kommunikation AB","robots":{"index":"index","follow":"follow","max-snippet":"max-snippet:-1","max-image-preview":"max-image-preview:large","max-video-preview":"max-video-preview:-1"},"canonical":"https:\/\/vero.se\/en\/mfn_news\/thule-group-ab-publ-utser-ny-kommunikationsdirektor-och-chef-for-investerarrelationer-ir\/","og_locale":"en_GB","og_type":"article","og_title":"Thule Group AB (publ) utser ny Kommunikationsdirekt\u00f6r och chef f\u00f6r investerarrelationer (IR) - Kommunikationsbyr\u00e5 Stockholm | Vero Kommunikation AB","og_description":"Catharina Paulc\u00e9n har utsetts till Kommunikationsdirekt\u00f6r och IR-chef, tillika medlem av koncernledningen i Thule Group AB, med placering p\u00e5 f\u00f6retagets huvudkontor i Malm\u00f6","og_url":"https:\/\/vero.se\/en\/mfn_news\/thule-group-ab-publ-utser-ny-kommunikationsdirektor-och-chef-for-investerarrelationer-ir\/","og_site_name":"Kommunikationsbyr\u00e5 Stockholm | Vero Kommunikation AB","twitter_card":"summary_large_image","twitter_misc":{"Estimated reading time":"2 minutes"},"schema":{"@context":"https:\/\/schema.org","@graph":[{"@type":"WebPage","@id":"https:\/\/vero.se\/mfn_news\/thule-group-ab-publ-utser-ny-kommunikationsdirektor-och-chef-for-investerarrelationer-ir\/","url":"https:\/\/vero.se\/mfn_news\/thule-group-ab-publ-utser-ny-kommunikationsdirektor-och-chef-for-investerarrelationer-ir\/","name":"Thule Group AB (publ) utser ny Kommunikationsdirekt\u00f6r och chef f\u00f6r investerarrelationer (IR) - Kommunikationsbyr\u00e5 Stockholm | Vero Kommunikation AB","isPartOf":{"@id":"https:\/\/vero.se\/#website"},"datePublished":"2024-05-24T09:05:00+00:00","breadcrumb":{"@id":"https:\/\/vero.se\/mfn_news\/thule-group-ab-publ-utser-ny-kommunikationsdirektor-och-chef-for-investerarrelationer-ir\/#breadcrumb"},"inLanguage":"en-GB","potentialAction":[{"@type":"ReadAction","target":["https:\/\/vero.se\/mfn_news\/thule-group-ab-publ-utser-ny-kommunikationsdirektor-och-chef-for-investerarrelationer-ir\/"]}]},{"@type":"BreadcrumbList","@id":"https:\/\/vero.se\/mfn_news\/thule-group-ab-publ-utser-ny-kommunikationsdirektor-och-chef-for-investerarrelationer-ir\/#breadcrumb","itemListElement":[{"@type":"ListItem","position":1,"name":"Hem","item":"https:\/\/vero.se\/"},{"@type":"ListItem","position":2,"name":"MFN News Items","item":"https:\/\/vero.se\/mfn_news\/"},{"@type":"ListItem","position":3,"name":"Thule Group AB (publ) utser ny Kommunikationsdirekt\u00f6r och chef f\u00f6r investerarrelationer (IR)"}]},{"@type":"WebSite","@id":"https:\/\/vero.se\/#website","url":"https:\/\/vero.se\/","name":"Kommunikationsbyr\u00e5 Stockholm | Vero Kommunikation AB","description":"","publisher":{"@id":"https:\/\/vero.se\/#organization"},"potentialAction":[{"@type":"SearchAction","target":{"@type":"EntryPoint","urlTemplate":"https:\/\/vero.se\/?s={search_term_string}"},"query-input":{"@type":"PropertyValueSpecification","valueRequired":true,"valueName":"search_term_string"}}],"inLanguage":"en-GB"},{"@type":"Organization","@id":"https:\/\/vero.se\/#organization","name":"Vero Kommunikation AB","url":"https:\/\/vero.se\/","logo":{"@type":"ImageObject","inLanguage":"en-GB","@id":"https:\/\/vero.se\/#\/schema\/logo\/image\/","url":"https:\/\/vero.se\/wp-content\/uploads\/2019\/11\/logo2.png","contentUrl":"https:\/\/vero.se\/wp-content\/uploads\/2019\/11\/logo2.png","width":779,"height":589,"caption":"Vero Kommunikation AB"},"image":{"@id":"https:\/\/vero.se\/#\/schema\/logo\/image\/"}}]}},"_links":{"self":[{"href":"https:\/\/vero.se\/en\/wp-json\/wp\/v2\/mfn_news\/3968","targetHints":{"allow":["GET"]}}],"collection":[{"href":"https:\/\/vero.se\/en\/wp-json\/wp\/v2\/mfn_news"}],"about":[{"href":"https:\/\/vero.se\/en\/wp-json\/wp\/v2\/types\/mfn_news"}],"wp:attachment":[{"href":"https:\/\/vero.se\/en\/wp-json\/wp\/v2\/media?parent=3968"}],"curies":[{"name":"wp","href":"https:\/\/api.w.org\/{rel}","templated":true}]}}